{"id":9694,"date":"2026-09-04T11:58:43","date_gmt":"2026-09-04T08:58:43","guid":{"rendered":"https:\/\/kocaelispor.tv.tr\/?p=9694"},"modified":"2026-09-04T11:58:43","modified_gmt":"2026-09-04T08:58:43","slug":"kocaelispor-transferi-tamamladi-mi-takimdan-ayrilacak-oyuncular-var-mi-selcuk-inan-acikladi-3-eylul-2026-aspor","status":"publish","type":"post","link":"https:\/\/kocaelispor.tv.tr\/?p=9694","title":{"rendered":"Kocaelispor Transferi Tamamlad\u0131 M\u0131? Tak\u0131mdan Ayr\u0131lacak Oyuncular Var M\u0131? Sel\u00e7uk \u0130nan A\u00e7\u0131klad\u0131! 3 Eyl\u00fcl 2026 @ASpor"},"content":{"rendered":"<figure class=\"wp-block-embed-youtube wp-block-embed is-type-video is-provider-youtube wp-embed-aspect-16-9 wp-has-aspect-ratio\"><div class=\"lyte-wrapper\" title=\"Kocaelispor Transferi Tamamlad\u0131 M\u0131? Tak\u0131mdan Ayr\u0131lacak Oyuncular Var M\u0131? Sel&ccedil;uk \u0130nan A&ccedil;\u0131klad\u0131!\" style=\"width:1280px;max-width:100%;margin:5px auto;\"><div class=\"lyMe hidef\" id=\"WYL_H9PHIJA_2HQ\" itemprop=\"video\" itemscope itemtype=\"https:\/\/schema.org\/VideoObject\"><div><meta itemprop=\"thumbnailUrl\" content=\"https:\/\/kocaelispor.tv.tr\/wp-content\/plugins\/wp-youtube-lyte\/lyteCache.php?origThumbUrl=https%3A%2F%2Fi.ytimg.com%2Fvi%2FH9PHIJA_2HQ%2Fmaxresdefault.jpg\" \/><meta itemprop=\"embedURL\" content=\"https:\/\/www.youtube.com\/embed\/H9PHIJA_2HQ\" \/><meta itemprop=\"duration\" content=\"PT1M36S\" \/><meta itemprop=\"uploadDate\" content=\"2026-09-03T01:00:36Z\" \/><\/div><div id=\"lyte_H9PHIJA_2HQ\" data-src=\"https:\/\/kocaelispor.tv.tr\/wp-content\/plugins\/wp-youtube-lyte\/lyteCache.php?origThumbUrl=https%3A%2F%2Fi.ytimg.com%2Fvi%2FH9PHIJA_2HQ%2Fmaxresdefault.jpg\" class=\"pL\"><div class=\"tC\"><div class=\"tT\" itemprop=\"name\">Kocaelispor Transferi Tamamlad\u0131 M\u0131? Tak\u0131mdan Ayr\u0131lacak Oyuncular Var M\u0131? Sel\u00e7uk \u0130nan A\u00e7\u0131klad\u0131!<\/div><\/div><button tabindex=\"0\" class=\"play\"><\/button><div class=\"ctrl\"><div class=\"Lctrl\"><\/div><div class=\"Rctrl\"><\/div><\/div><\/div><noscript><a href=\"https:\/\/youtu.be\/H9PHIJA_2HQ\" rel=\"nofollow noopener\" target=\"_blank\"><img loading=\"lazy\" decoding=\"async\" src=\"https:\/\/kocaelispor.tv.tr\/wp-content\/plugins\/wp-youtube-lyte\/lyteCache.php?origThumbUrl=https%3A%2F%2Fi.ytimg.com%2Fvi%2FH9PHIJA_2HQ%2F0.jpg\" alt=\"Kocaelispor Transferi Tamamlad\u0131 M\u0131? Tak\u0131mdan Ayr\u0131lacak Oyuncular Var M\u0131? Sel&ccedil;uk \u0130nan A&ccedil;\u0131klad\u0131!\" width=\"1280\" height=\"700\" title=\"\"><\/a><\/noscript><meta itemprop=\"description\" content=\"\ud83d\udc49 A Spor YouTube Canl\u0131 Yay\u0131n\u0131 \u27a4 https:\/\/youtube.com\/live\/-zSaswVrQ_M \ud83d\udc49 A Spor YouTube Kanal\u0131na Abone Ol \u27a4 https:\/\/www.youtube.com\/@ASpor?sub_confirmation=1 \ud83d\udc49 A Spor&#039;da bir g\u00fcn nas\u0131l ya\u015fan\u0131yor? https:\/\/youtu.be\/-cz2oHNg4x0 G\u00fcn\u00fcn son dakika spor haberleri 7\/24 canl\u0131 yay\u0131nlarla A Spor YouTube kanal\u0131nda. Son dakika transfer haberleri, canl\u0131 ba\u011flant\u0131lar, \u00f6zel yorumlar A Spor YouTube kanal\u0131nda izleyicisiyle bulu\u015fuyor. Fenerbah\u00e7e haberleri, Galatasaray haberleri, Be\u015fikta\u015f haberleri, Trabzonspor haberleri hepsi ve daha fazlas\u0131 \u00f6zel analizlerle ekrana ta\u015f\u0131n\u0131yor. Transfer g\u00fcndemi, lig analizi ve birbirinden \u00e7arp\u0131c\u0131 yorumlar\u0131yla A Spor size yeter! A Spor canl\u0131 yay\u0131n\u0131 g\u00fcn boyu canl\u0131 ma\u00e7 yay\u0131nlar\u0131, ma\u00e7 \u00f6zetleri ve futbol yorumlar\u0131yla devam ediyor. A Spor dijital spor medyas\u0131nda da haberleri en h\u0131zl\u0131 \u015fekilde izleyicisine ula\u015ft\u0131r\u0131yor. #Aspor #Canl\u0131 #sporhaberleri\"><\/div><\/div><div class=\"lL\" style=\"max-width:100%;width:1280px;margin:5px auto;\"> <a href=\"https:\/\/youtu.be\/H9PHIJA_2HQ\" target=\"_blank\" rel=\"noopener\">Watch this video on YouTube<\/a>.<br\/><span class=\"lyte_disclaimer\">*** Sitemizde payla\u015f\u0131lan videolar\u0131n t\u00fcm sorumlulu\u011fu, video \u2018nun yay\u0131nc\u0131s\u0131na aittir. ***<\/span><\/div><figcaption><\/figcaption><\/figure>\n\n\n<!--more-->\n\n\n\n<p class=\"wp-block-paragraph\">\ud83d\udc49 A Spor YouTube Canl\u0131 Yay\u0131n\u0131 \u27a4 <a href=\"https:\/\/youtube.com\/live\/-zSaswVrQ_M\" target=\"_blank\" rel=\"noopener\">https:\/\/youtube.com\/live\/-zSaswVrQ_M<\/a> \ud83d\udc49 <br>A Spor YouTube Kanal\u0131na Abone Ol \u27a4 <a href=\"https:\/\/www.youtube.com\/@ASpor?sub_confirmation=1\" target=\"_blank\" rel=\"noopener\">https:\/\/www.youtube.com\/@ASpor?sub_co&#8230;<\/a> <br>\ud83d\udc49 A Spor&#8217;da bir g\u00fcn nas\u0131l ya\u015fan\u0131yor? <a href=\"https:\/\/www.youtube.com\/watch?v=-cz2oHNg4x0\" target=\"_blank\" rel=\"noopener\">\u00a0\u00a0<img decoding=\"async\" src=\"https:\/\/www.gstatic.com\/youtube\/img\/watch\/yt_favicon_ringo2.png\" alt=\"\" title=\"\">\u00a0\u2022\u00a0A\u00a0Spor&#8217;da\u00a0Bir\u00a0G\u00fcn:\u00a0Kamera\u00a0Arkas\u0131nda\u00a0Neler\u00a0&#8230;\u00a0\u00a0<\/a> <br>G\u00fcn\u00fcn son dakika spor haberleri 7\/24 canl\u0131 yay\u0131nlarla A Spor YouTube kanal\u0131nda. Son dakika transfer haberleri, canl\u0131 ba\u011flant\u0131lar, \u00f6zel yorumlar A Spor YouTube kanal\u0131nda izleyicisiyle bulu\u015fuyor. Fenerbah\u00e7e haberleri, Galatasaray haberleri, Be\u015fikta\u015f haberleri, Trabzonspor haberleri hepsi ve daha fazlas\u0131 \u00f6zel analizlerle ekrana ta\u015f\u0131n\u0131yor. <br>Transfer g\u00fcndemi, lig analizi ve birbirinden \u00e7arp\u0131c\u0131 yorumlar\u0131yla A Spor size yeter! A Spor canl\u0131 yay\u0131n\u0131 g\u00fcn boyu canl\u0131 ma\u00e7 yay\u0131nlar\u0131, ma\u00e7 \u00f6zetleri ve futbol yorumlar\u0131yla devam ediyor. <br>A Spor dijital spor medyas\u0131nda da haberleri en h\u0131zl\u0131 \u015fekilde izleyicisine ula\u015ft\u0131r\u0131yor. <a href=\"https:\/\/www.youtube.com\/hashtag\/aspor\" target=\"_blank\" rel=\"noopener\">#Aspor<\/a><a href=\"https:\/\/www.youtube.com\/hashtag\/canl%C4%B1\" target=\"_blank\" rel=\"noopener\">#Canl\u0131<\/a><a href=\"https:\/\/www.youtube.com\/hashtag\/sporhaberleri\" target=\"_blank\" rel=\"noopener\">#sporhaberleri<\/a><\/p>\n\n\n\n<hr class=\"wp-block-separator has-alpha-channel-opacity\"\/>\n\n\n\n<h1 class=\"wp-block-heading\">Sel\u00e7uk \u0130nan&#8217;dan Samsunspor \u00d6ncesi Kritik Mesaj: Transferde Kap\u0131 Kapanmad\u0131<\/h1>\n\n\n\n<p class=\"wp-block-paragraph\">Ye\u015fil-Siyahl\u0131lar, zorlu Samsunspor s\u0131nav\u0131 \u00f6ncesi son haz\u0131rl\u0131klar\u0131n\u0131 yaparken g\u00f6zler hem sahada hem de transfer masas\u0131nda. K\u00f6rfez ekibinin teknik patronu Sel\u00e7uk \u0130nan, antrenman \u00f6ncesi yapt\u0131\u011f\u0131 a\u00e7\u0131klamalarla hem taktiksel \u015fifreleri verdi hem de transfer tahtas\u0131nda hen\u00fcz son s\u00f6z\u00fcn s\u00f6ylenmedi\u011fini duyurdu. Yakalad\u0131\u011f\u0131m\u0131z ivme, bu hafta Hodri Meydan\u2019\u0131n da deste\u011fiyle sahadaki ate\u015fi harlayacak.<\/p>\n\n\n\n<h2 class=\"wp-block-heading\">Kendi Evimizde, Kendi Kurallar\u0131m\u0131z<\/h2>\n\n\n\n<p class=\"wp-block-paragraph\">Samsunspor&#8217;un son iki sezondur y\u00fcksek ve istikrarl\u0131 bir grafik \u00e7izdi\u011fi s\u0131r de\u011fil. Ancak Sel\u00e7uk \u0130nan\u2019\u0131n rotas\u0131 \u00e7ok net. Rakibin kim oldu\u011fundan ziyade, bizim kendi evimizde ne yapaca\u011f\u0131m\u0131z m\u00fchim.<\/p>\n\n\n\n<p class=\"wp-block-paragraph\">Taraftar\u0131m\u0131z\u0131n \u00f6n\u00fcnde, Kocaelispor armas\u0131na yak\u0131\u015f\u0131r bir oyun ve m\u00fccadeleyle o sahaya \u00e7\u0131kaca\u011f\u0131z. \u0130nan&#8217;\u0131n tak\u0131m\u0131na a\u015f\u0131lad\u0131\u011f\u0131 temel felsefe tamamen bunun \u00fczerine kurulu. Rakibin etkili ayaklar\u0131na ve g\u00fc\u00e7l\u00fc y\u00f6nlerine kar\u015f\u0131 \u00f6zel \u00f6nlemler al\u0131n\u0131rken, as\u0131l odak noktas\u0131 tamamen kendi oyun plan\u0131m\u0131z. <\/p>\n\n\n\n<h2 class=\"wp-block-heading\">Transferde Son Durum: Bir Gelen, Bir Giden Olabilir<\/h2>\n\n\n\n<p class=\"wp-block-paragraph\">Gelelim herkesin merak etti\u011fi o s\u0131cak g\u00fcndeme. Tobias Fjeld Gulliksen hamlesiyle eksik b\u00f6lge yamand\u0131. Norve\u00e7li yetene\u011fin potansiyeli Sel\u00e7uk Hoca taraf\u0131ndan uzun s\u00fcredir biliniyor. \u0130kna s\u00fcreci zorlu ge\u00e7se de Tobias art\u0131k K\u00f6rfez i\u00e7in ter d\u00f6kecek.<\/p>\n\n\n\n<p class=\"wp-block-paragraph\">Peki transfer bitti mi? \u0130nan a\u00e7\u0131k kap\u0131 b\u0131rakt\u0131. Tak\u0131mdan bir ismin daha ayr\u0131lma ihtimali masada. Bu olas\u0131 ayr\u0131l\u0131\u011fa ba\u011fl\u0131 olarak kadroya son dakika bir takviye daha yap\u0131labilir.<\/p>\n\n\n\n<figure class=\"wp-block-table is-style-stripes has-small-font-size\"><table class=\"has-fixed-layout\"><thead><tr><td><strong>Kocaelispor Transfer G\u00fcndemi<\/strong><\/td><td><strong>Son Durum<\/strong><\/td><\/tr><\/thead><tbody><tr><td><strong>Tobias Fjeld Gulliksen<\/strong><\/td><td>Kadroya kat\u0131ld\u0131. Hocan\u0131n \u00f6zel iste\u011fiyle transfer edildi.<\/td><\/tr><tr><td><strong>Muhtemel Ayr\u0131l\u0131k<\/strong><\/td><td>1 oyuncunun tak\u0131mdan ayr\u0131lmas\u0131 g\u00fcndemde.<\/td><\/tr><tr><td><strong>Muhtemel Takviye<\/strong><\/td><td>Ayr\u0131lacak oyuncunun durumuna g\u00f6re 1 transfer daha gelebilir.<\/td><\/tr><\/tbody><\/table><\/figure>\n\n\n\n<h2 class=\"wp-block-heading\">Hodri Meydan&#8217;a B\u00fcy\u00fck \u0130\u015f D\u00fc\u015f\u00fcyor<\/h2>\n\n\n\n<p class=\"wp-block-paragraph\">Sahadaki taktiksel \u00e7arp\u0131\u015fma kadar trib\u00fcndeki bask\u0131 da ma\u00e7\u0131n skorunu tayin edecek. Sel\u00e7uk \u0130nan&#8217;\u0131n &#8220;Seyircimizin \u00f6n\u00fcnde kazanmak istiyoruz&#8221; vurgusu, taraftar\u0131n itici g\u00fcc\u00fcne olan inanc\u0131n en net g\u00f6stergesi.<\/p>\n\n\n\n<h3 class=\"wp-block-heading\">Kaynak ve Te\u015fekk\u00fcr<\/h3>\n\n\n\n<p class=\"wp-block-paragraph\">Bu i\u00e7erik haz\u0131rlan\u0131rken, A Spor ekranlar\u0131nda yay\u0131nlanan canl\u0131 yay\u0131n a\u00e7\u0131klamalar\u0131ndan ve r\u00f6portaj\u0131ndan yararlan\u0131lm\u0131\u015ft\u0131r. G\u00fcncel tak\u0131m bilgilerini ve teknik heyetin g\u00f6r\u00fc\u015flerini taraftar\u0131m\u0131zla bulu\u015fturan A Spor ekibine te\u015fekk\u00fcr ederiz.<br>#Kocaelispor #Sel\u00e7uk\u0130nan #TobiasFjeldGulliksen #K\u00f6rfez #HodriMeydan #Samsunspor<\/p>\n\n\n\n<ul class=\"wp-block-list\">\n<li><em>Web Sitemiz 5651 say\u0131l\u0131 kanun \u00e7er\u00e7evesinde faaliyet g\u00f6stermekte olup yay\u0131nlanan i\u00e7eriklerden sorumlu de\u011fildir. Fakat i\u00e7eri\u011fin kanuna ayk\u0131r\u0131 veya telif hakk\u0131 i\u00e7erdi\u011fi ile ilgili yaz\u0131l\u0131 veya dijital bir tebli\u011f almas\u0131 halinde s\u00f6z konusu i\u00e7eri\u011fi kald\u0131rmakla m\u00fckelleftir.<\/em><\/li>\n<\/ul>\n\n\n\n<p class=\"wp-block-paragraph\"><\/p>\n","protected":false},"excerpt":{"rendered":"","protected":false},"author":1,"featured_media":9695,"comment_status":"closed","ping_status":"closed","sticky":false,"template":"","format":"standard","meta":{"footnotes":""},"categories":[3,663,25,5,14,18,28,4,16],"tags":[48,4569,2205,2463,1810,4568],"class_list":["post-9694","post","type-post","status-publish","format-standard","has-post-thumbnail","hentry","category-kocaelispor","category-a-spor","category-kulup","category-lig","category-medya","category-siper-lig","category-teknik-heyet","category-turnuva","category-ulusal-medya","tag-kocaelispor","tag-kocaelispor-transferi-tamamladi-mi-takimdan-ayrilacak-oyuncular-var-mi-selcuk-inan-acikladi-3-eylul-2026-aspor","tag-korfez","tag-samsunspor","tag-selcuk-inan","tag-tobias-fjeld-gulliksen"],"_links":{"self":[{"href":"https:\/\/kocaelispor.tv.tr\/index.php?rest_route=\/wp\/v2\/posts\/9694","targetHints":{"allow":["GET"]}}],"collection":[{"href":"https:\/\/kocaelispor.tv.tr\/index.php?rest_route=\/wp\/v2\/posts"}],"about":[{"href":"https:\/\/kocaelispor.tv.tr\/index.php?rest_route=\/wp\/v2\/types\/post"}],"author":[{"embeddable":true,"href":"https:\/\/kocaelispor.tv.tr\/index.php?rest_route=\/wp\/v2\/users\/1"}],"replies":[{"embeddable":true,"href":"https:\/\/kocaelispor.tv.tr\/index.php?rest_route=%2Fwp%2Fv2%2Fcomments&post=9694"}],"version-history":[{"count":2,"href":"https:\/\/kocaelispor.tv.tr\/index.php?rest_route=\/wp\/v2\/posts\/9694\/revisions"}],"predecessor-version":[{"id":9697,"href":"https:\/\/kocaelispor.tv.tr\/index.php?rest_route=\/wp\/v2\/posts\/9694\/revisions\/9697"}],"wp:featuredmedia":[{"embeddable":true,"href":"https:\/\/kocaelispor.tv.tr\/index.php?rest_route=\/wp\/v2\/media\/9695"}],"wp:attachment":[{"href":"https:\/\/kocaelispor.tv.tr\/index.php?rest_route=%2Fwp%2Fv2%2Fmedia&parent=9694"}],"wp:term":[{"taxonomy":"category","embeddable":true,"href":"https:\/\/kocaelispor.tv.tr\/index.php?rest_route=%2Fwp%2Fv2%2Fcategories&post=9694"},{"taxonomy":"post_tag","embeddable":true,"href":"https:\/\/kocaelispor.tv.tr\/index.php?rest_route=%2Fwp%2Fv2%2Ftags&post=9694"}],"curies":[{"name":"wp","href":"https:\/\/api.w.org\/{rel}","templated":true}]}}