{"id":9688,"date":"2026-09-02T14:28:07","date_gmt":"2026-09-02T11:28:07","guid":{"rendered":"https:\/\/kocaelispor.tv.tr\/?p=9688"},"modified":"2026-09-02T14:28:08","modified_gmt":"2026-09-02T11:28:08","slug":"selcuk-inan-dogru-oyunculari-getirdigimizi-dusunuyoruz-2-eylul-2026-nefesgazetesi","status":"publish","type":"post","link":"https:\/\/kocaelispor.tv.tr\/?p=9688","title":{"rendered":"Sel\u00e7uk \u0130nan: &#8220;Do\u011fru oyuncular\u0131 getirdi\u011fimizi d\u00fc\u015f\u00fcn\u00fcyoruz&#8221; 2 Eyl\u00fcl 2026 @NefesGazetesi"},"content":{"rendered":"<figure class=\"wp-block-embed-youtube wp-block-embed is-type-video is-provider-youtube wp-embed-aspect-16-9 wp-has-aspect-ratio\"><div class=\"lyte-wrapper\" title=\"Sel&ccedil;uk \u0130nan: &amp;quot;Do\u011fru oyuncular\u0131 getirdi\u011fimizi d&uuml;\u015f&uuml;n&uuml;yoruz&amp;quot;\" style=\"width:1280px;max-width:100%;margin:5px auto;\"><div class=\"lyMe hidef\" id=\"WYL_ErWX8sv3Ov4\" itemprop=\"video\" itemscope itemtype=\"https:\/\/schema.org\/VideoObject\"><div><meta itemprop=\"thumbnailUrl\" content=\"https:\/\/kocaelispor.tv.tr\/wp-content\/plugins\/wp-youtube-lyte\/lyteCache.php?origThumbUrl=https%3A%2F%2Fi.ytimg.com%2Fvi%2FErWX8sv3Ov4%2Fmaxresdefault.jpg\" \/><meta itemprop=\"embedURL\" content=\"https:\/\/www.youtube.com\/embed\/ErWX8sv3Ov4\" \/><meta itemprop=\"duration\" content=\"PT6M46S\" \/><meta itemprop=\"uploadDate\" content=\"2026-09-02T10:26:54Z\" \/><\/div><div id=\"lyte_ErWX8sv3Ov4\" data-src=\"https:\/\/kocaelispor.tv.tr\/wp-content\/plugins\/wp-youtube-lyte\/lyteCache.php?origThumbUrl=https%3A%2F%2Fi.ytimg.com%2Fvi%2FErWX8sv3Ov4%2Fmaxresdefault.jpg\" class=\"pL\"><div class=\"tC\"><div class=\"tT\" itemprop=\"name\">Sel\u00e7uk \u0130nan: &quot;Do\u011fru oyuncular\u0131 getirdi\u011fimizi d\u00fc\u015f\u00fcn\u00fcyoruz&quot;<\/div><\/div><button tabindex=\"0\" class=\"play\"><\/button><div class=\"ctrl\"><div class=\"Lctrl\"><\/div><div class=\"Rctrl\"><\/div><\/div><\/div><noscript><a href=\"https:\/\/youtu.be\/ErWX8sv3Ov4\" rel=\"nofollow noopener\" target=\"_blank\"><img loading=\"lazy\" decoding=\"async\" src=\"https:\/\/kocaelispor.tv.tr\/wp-content\/plugins\/wp-youtube-lyte\/lyteCache.php?origThumbUrl=https%3A%2F%2Fi.ytimg.com%2Fvi%2FErWX8sv3Ov4%2F0.jpg\" alt=\"Sel&ccedil;uk \u0130nan: &amp;quot;Do\u011fru oyuncular\u0131 getirdi\u011fimizi d&uuml;\u015f&uuml;n&uuml;yoruz&amp;quot;\" width=\"1280\" height=\"700\" title=\"\"><\/a><\/noscript><meta itemprop=\"description\" content=\"Kocaelispor Teknik Direkt\u00f6r\u00fc Sel\u00e7uk \u0130nan, transfer d\u00f6neminde tak\u0131ma do\u011fru futbolcular\u0131 getirdiklerini belirterek, &quot;\u0130n\u015fallah onlar da performans verirler. Ba\u015fkan\u0131m\u0131z\u0131 ve bizi mahcup etmezler. B\u00fct\u00fcn oyuncular\u0131n bize katk\u0131 sa\u011flayaca\u011f\u0131n\u0131 d\u00fc\u015f\u00fcn\u00fcyorum&quot; dedi. Kocaelispor, Trendyol S\u00fcper Lig\u2019in 4. haftas\u0131nda Samsunspor ile oynayaca\u011f\u0131 ma\u00e7\u0131n haz\u0131rl\u0131klar\u0131n\u0131 K\u00f6rfez Brunga Tesisleri&#039;nde yapt\u0131\u011f\u0131 antrenmanla s\u00fcrd\u00fcrd\u00fc.. Kocaelispor Teknik Direkt\u00f6r\u00fc Sel\u00e7uk \u0130nan antrenman \u00f6ncesinde haz\u0131rl\u0131klardan transfer s\u00fcrecine, kadro derinli\u011finden taraftar\u0131n cezas\u0131na kadar bir\u00e7ok konuda bas\u0131n mensuplar\u0131n\u0131n sorular\u0131n\u0131 yan\u0131tlad\u0131. Nefes ald\u0131k\u00e7a umut hep var! Bizi sosyal medyadan takip edin: X: https:\/\/x.com\/nefesgazete Instagram: instagram.com\/nefescomtr\/ Facebook: facebook.com\/nefesgazete TikTok: tiktok.com\/@nefescomtr Youtube: youtube.com\/@nefeswebtv\"><\/div><\/div><div class=\"lL\" style=\"max-width:100%;width:1280px;margin:5px auto;\"> <a href=\"https:\/\/youtu.be\/ErWX8sv3Ov4\" target=\"_blank\" rel=\"noopener\">Watch this video on YouTube<\/a>.<br\/><span class=\"lyte_disclaimer\">*** Sitemizde payla\u015f\u0131lan videolar\u0131n t\u00fcm sorumlulu\u011fu, video \u2018nun yay\u0131nc\u0131s\u0131na aittir. ***<\/span><\/div><figcaption><\/figcaption><\/figure>\n\n\n<!--more-->\n\n\n\n<p class=\"wp-block-paragraph\">Kocaelispor Teknik Direkt\u00f6r\u00fc Sel\u00e7uk \u0130nan, transfer d\u00f6neminde tak\u0131ma do\u011fru futbolcular\u0131 getirdiklerini belirterek, &#8220;\u0130n\u015fallah onlar da performans verirler. Ba\u015fkan\u0131m\u0131z\u0131 ve bizi mahcup etmezler. B\u00fct\u00fcn oyuncular\u0131n bize katk\u0131 sa\u011flayaca\u011f\u0131n\u0131 d\u00fc\u015f\u00fcn\u00fcyorum&#8221; dedi. Kocaelispor, Trendyol S\u00fcper Lig\u2019in 4. haftas\u0131nda Samsunspor ile oynayaca\u011f\u0131 ma\u00e7\u0131n haz\u0131rl\u0131klar\u0131n\u0131 K\u00f6rfez Brunga Tesisleri&#8217;nde yapt\u0131\u011f\u0131 antrenmanla s\u00fcrd\u00fcrd\u00fc.. Kocaelispor Teknik Direkt\u00f6r\u00fc Sel\u00e7uk \u0130nan antrenman \u00f6ncesinde haz\u0131rl\u0131klardan transfer s\u00fcrecine, kadro derinli\u011finden taraftar\u0131n cezas\u0131na kadar bir\u00e7ok konuda bas\u0131n mensuplar\u0131n\u0131n sorular\u0131n\u0131 yan\u0131tlad\u0131. <\/p>\n\n\n\n<p class=\"wp-block-paragraph\">Nefes ald\u0131k\u00e7a umut hep var! <\/p>\n\n\n\n<p class=\"wp-block-paragraph\">Bizi sosyal medyadan takip edin: X: <a href=\"https:\/\/www.youtube.com\/redirect?event=video_description&amp;redir_token=QUM4Zm9rUnE3Z3BuVjBiY2Fkcko2dm9YUXpDOHxBTl9pYzRlQmdkZy1Bd0paTEJiNk4xVWNiWjR5YUdxR3dqU1pwQXdHNmNUblNsNk5rRFk5eDJWdXBVWlgzRTlNY0ZUSHhGVDQ0NFRWOFJUdkdNTmxQaUVSeGFPUEt0dy1aa2dJ&amp;q=https%3A%2F%2Fx.com%2Fnefesgazete&amp;v=ErWX8sv3Ov4\" target=\"_blank\" rel=\"noopener\">https:\/\/x.com\/nefesgazete<\/a> Instagram: instagram.com\/nefescomtr\/ Facebook: facebook.com\/nefesgazete TikTok: tiktok.com\/@nefescomtr Youtube: <a href=\"https:\/\/www.youtube.com\/channel\/UCnJifXo75nZUOSQoCnGxaIQ\" target=\"_blank\" rel=\"noopener\">\u00a0\u00a0<img decoding=\"async\" src=\"https:\/\/www.gstatic.com\/youtube\/img\/watch\/yt_favicon_ringo2.png\" alt=\"\" title=\"\">\u00a0\/\u00a0@nefeswebtv\u00a0\u00a0<\/a><\/p>\n\n\n\n<hr class=\"wp-block-separator has-alpha-channel-opacity\"\/>\n\n\n\n<h1 class=\"wp-block-heading\">Sel\u00e7uk \u0130nan\u2019dan Samsunspor Mesaj\u0131: &#8220;Kendi Evimizde Do\u011fru Oyunla 3 Puan\u0131 Alaca\u011f\u0131z&#8221;<\/h1>\n\n\n\n<p class=\"wp-block-paragraph\">K\u00f6rfez ekibinde t\u00fcm hesaplar galibiyet \u00fczerine kuruldu. Trendyol S\u00fcper Lig\u2019in 4. haftas\u0131nda sahas\u0131nda Samsunspor\u2019u konuk edecek olan Ye\u015fil-Siyahl\u0131lar, K\u00f6rfez Brunga Tesisleri\u2019nde gaza bast\u0131. Antrenman \u00f6ncesi bas\u0131n\u0131n kar\u015f\u0131s\u0131na ge\u00e7en Teknik Direkt\u00f6r Sel\u00e7uk \u0130nan; sakatl\u0131klar\u0131n son durumundan yeni transfer Tobias Gulliksen\u2019e, taraftar deste\u011finden tak\u0131m\u0131n hedeflerine kadar kritik ba\u015fl\u0131klara net yan\u0131tlar verdi.<\/p>\n\n\n\n<h2 class=\"wp-block-heading\">&#8220;Samsunspor G\u00fc\u00e7l\u00fc Ama Belirleyici Olan Bizim M\u00fccadelemiz&#8221;<\/h2>\n\n\n\n<p class=\"wp-block-paragraph\">Rakibin son iki sezonda yakalad\u0131\u011f\u0131 \u00e7\u0131k\u0131\u015fa dikkat \u00e7eken Sel\u00e7uk \u0130nan, sahada belirleyici fakt\u00f6r\u00fcn kendi oyunlar\u0131 olaca\u011f\u0131n\u0131 vurgulad\u0131. Analiz ekibiyle birlikte derslerine iyi \u00e7al\u0131\u015ft\u0131klar\u0131n\u0131 belirten deneyimli teknik adam, sahaya kazanmak i\u00e7in \u00e7\u0131kacaklar\u0131n\u0131 ifade etti:<\/p>\n\n\n\n<blockquote class=\"wp-block-quote is-layout-flow wp-block-quote-is-layout-flow\">\n<p class=\"wp-block-paragraph\">&#8220;Samsunspor\u2019un art\u0131lar\u0131n\u0131 ve eksilerini oyuncular\u0131m\u0131za aktarmaya ba\u015flad\u0131k. Ancak hi\u00e7bir ma\u00e7 sadece taktik tahtas\u0131nda ya da s\u00f6zle kazan\u0131lm\u0131yor. Ligimiz \u00e7ok sert, rakipler \u00e7ok diri. Sahada ko\u015fmadan, ter ak\u0131tmadan puan vermiyorlar. Bizim \u00e7ok ko\u015fmaktan ve son d\u00fcd\u00fc\u011fe kadar sava\u015fmaktan ba\u015fka \u00e7aremiz yok. Kendi saham\u0131zda, taraftar\u0131m\u0131z\u0131n \u00f6n\u00fcnde 3 puan\u0131 almak i\u00e7in ne gerekiyorsa yapaca\u011f\u0131z.&#8221;<\/p>\n<\/blockquote>\n\n\n\n<h2 class=\"wp-block-heading\">Kadroda Son Durum: Tayfur Bing\u00f6l D\u00f6n\u00fcyor, Tobias Haz\u0131rlan\u0131yor<\/h2>\n\n\n\n<p class=\"wp-block-paragraph\">Ge\u00e7ti\u011fimiz haftalarda 5 \u00f6nemli eksikle m\u00fccadele etmek zorunda kald\u0131klar\u0131n\u0131 hat\u0131rlatan \u0130nan, revirden gelen haberlerle rahat bir nefes ald\u0131. Tecr\u00fcbeli orta saha Tayfur Bing\u00f6l\u2019\u00fcn tak\u0131ma d\u00f6nmeye yak\u0131n oldu\u011funu belirten teknik patron, yeni transfer Tobias Gulliksen\u2019in tak\u0131ma kat\u0131lmas\u0131yla h\u00fccum hatt\u0131nda aranan kan\u0131n bulundu\u011funu s\u00f6yledi.<\/p>\n\n\n\n<figure class=\"wp-block-table is-style-stripes has-small-font-size\"><table class=\"has-fixed-layout\"><thead><tr><td><strong>Oyuncu<\/strong><\/td><td><strong>Mevki \/ Rol<\/strong><\/td><td><strong>Durum<\/strong><\/td><\/tr><\/thead><tbody><tr><td><strong>Tayfur Bing\u00f6l<\/strong><\/td><td>Orta Saha<\/td><td>Sakatl\u0131\u011f\u0131n\u0131 atlatt\u0131, Samsunspor ma\u00e7 kadrosunda olmas\u0131 bekleniyor<\/td><\/tr><tr><td><strong>Tobias Gulliksen<\/strong><\/td><td>On Numara \/ Kanat<\/td><td>Tak\u0131mla \u00e7al\u0131\u015fmalara ba\u015flad\u0131, adaptasyon s\u00fcreci h\u0131zland\u0131r\u0131l\u0131yor<\/td><\/tr><tr><td><strong>Eksik Oyuncular (Genel)<\/strong><\/td><td>Muhtelif<\/td><td>Milli ara sonras\u0131 tam kapasiteyle haz\u0131r hale gelecekler<\/td><\/tr><\/tbody><\/table><\/figure>\n\n\n\n<p class=\"wp-block-paragraph\">Sel\u00e7uk \u0130nan, Tobias Gulliksen transferinin perde arkas\u0131n\u0131 \u015fu s\u00f6zlerle anlatt\u0131:<\/p>\n\n\n\n<blockquote class=\"wp-block-quote is-layout-flow wp-block-quote-is-layout-flow\">\n<p class=\"wp-block-paragraph\">&#8220;Tobias uzun zamand\u0131r pe\u015finde oldu\u011fumuz, ikna etmek i\u00e7in sab\u0131rla u\u011fra\u015ft\u0131\u011f\u0131m\u0131z bir isimdi. Potansiyelini \u00e7ok iyi biliyorum. Ge\u00e7ti\u011fimiz sezon belki tavan performans\u0131nda de\u011fildi ama bizim g\u00f6revimiz o potansiyeli yeniden sahaya yans\u0131tmak. Eksik b\u00f6lgemize nokta at\u0131\u015f\u0131 bir takviye yapt\u0131k.&#8221;<\/p>\n<\/blockquote>\n\n\n\n<h2 class=\"wp-block-heading\">Transferde Son Durum: &#8220;Bir Ayr\u0131l\u0131k, Bir \u0130mza Olabilir&#8221;<\/h2>\n\n\n\n<p class=\"wp-block-paragraph\">Transfer tahtas\u0131n\u0131n kapanmas\u0131na k\u0131sa bir s\u00fcre kala hareketlili\u011fin s\u00fcrd\u00fc\u011f\u00fcn\u00fc belirten Sel\u00e7uk \u0130nan, y\u00f6netimin ve ba\u015fkan\u0131n b\u00fcy\u00fck bir \u00f6zveriyle \u00e7al\u0131\u015ft\u0131\u011f\u0131n\u0131 dile getirdi:<\/p>\n\n\n\n<blockquote class=\"wp-block-quote is-layout-flow wp-block-quote-is-layout-flow\">\n<p class=\"wp-block-paragraph\">&#8220;Transfer s\u0131cak bir s\u00fcre\u00e7. Tobias aram\u0131za kat\u0131ld\u0131. \u015eimdi belki bir oyuncumuzla yollar ayr\u0131labilir, bir takviye daha gelebilir. Onun haricinde kadroyu b\u00fcy\u00fck oranda tamamlad\u0131k. Ba\u015fkan\u0131m\u0131zla birlikte do\u011fru oyuncular\u0131 se\u00e7ti\u011fimize inan\u0131yoruz. Art\u0131k s\u00f6z sahada.&#8221;<\/p>\n<\/blockquote>\n\n\n\n<h2 class=\"wp-block-heading\">Hodri Meydan\u2019a \u00c7a\u011fr\u0131: &#8220;Bu Tak\u0131m\u0131 Yaln\u0131z B\u0131rakmay\u0131n&#8221;<\/h2>\n\n\n\n<p class=\"wp-block-paragraph\">Cezalar ve trib\u00fcn k\u0131s\u0131tlamalar\u0131 nedeniyle tak\u0131mdan uzak kalan taraftarlar\u0131n yerine trib\u00fcnleri dolduracak 12. adama seslenen Sel\u00e7uk \u0130nan, \u00e7a\u011fr\u0131s\u0131n\u0131 yineledi:<\/p>\n\n\n\n<blockquote class=\"wp-block-quote is-layout-flow wp-block-quote-is-layout-flow\">\n<p class=\"wp-block-paragraph\">&#8220;Bu forma i\u00e7in herkes can\u0131n\u0131 di\u015fine tak\u0131yor. Bizim tek bir hedefimiz var; i\u00e7eride d\u0131\u015far\u0131da her ma\u00e7\u0131 final g\u00f6rmek. Bu armaya g\u00f6n\u00fcl veren Ye\u015fil-Siyah sevdal\u0131lar\u0131 bilsin ki sahada vazge\u00e7meyen bir tak\u0131m olacak. Trib\u00fcnde kim olursa olsun deste\u011fini esirgemesin, bizi yaln\u0131z b\u0131rakmas\u0131n.&#8221;<\/p>\n<\/blockquote>\n\n\n\n<h3 class=\"wp-block-heading\">Kaynak ve Te\u015fekk\u00fcr<\/h3>\n\n\n\n<p class=\"wp-block-paragraph\">Bu haber, Nefes Gazetesi taraf\u0131ndan yay\u0131nlanan antrenman \u00f6ncesi bas\u0131n toplant\u0131s\u0131 kayd\u0131 kaynak al\u0131narak derlenmi\u015ftir. A\u00e7\u0131klamalar\u0131ndan \u00f6t\u00fcr\u00fc Teknik Direkt\u00f6r\u00fcm\u00fcz Sel\u00e7uk \u0130nan&#8217;a ve g\u00f6r\u00fcnt\u00fclere ula\u015fmam\u0131z\u0131 sa\u011flayan <a target=\"_blank\" rel=\"noopener\" href=\"https:\/\/www.youtube.com\/watch?v=ErWX8sv3Ov4\">Nefes Gazetesi YouTube Yay\u0131n\u0131<\/a> ekibine te\u015fekk\u00fcr ederiz.<\/p>\n\n\n\n<p class=\"wp-block-paragraph\">#Kocaelispor #SelcukInan #TobiasGulliksen #TayfurBingol #K\u00f6rfez #HodriMeydan<\/p>\n\n\n\n<ul class=\"wp-block-list\">\n<li><em>Web Sitemiz 5651 say\u0131l\u0131 kanun \u00e7er\u00e7evesinde faaliyet g\u00f6stermekte olup yay\u0131nlanan i\u00e7eriklerden sorumlu de\u011fildir. Fakat i\u00e7eri\u011fin kanuna ayk\u0131r\u0131 veya telif hakk\u0131 i\u00e7erdi\u011fi ile ilgili yaz\u0131l\u0131 veya dijital bir tebli\u011f almas\u0131 halinde s\u00f6z konusu i\u00e7eri\u011fi kald\u0131rmakla m\u00fckelleftir.<\/em><\/li>\n<\/ul>\n","protected":false},"excerpt":{"rendered":"","protected":false},"author":1,"featured_media":9689,"comment_status":"closed","ping_status":"closed","sticky":false,"template":"","format":"standard","meta":{"footnotes":""},"categories":[3,61,25,5,22,18,28,4],"tags":[2281,115,48,2205,2463,1810,4567,2032,4566,2211],"class_list":["post-9688","post","type-post","status-publish","format-standard","has-post-thumbnail","hentry","category-kocaelispor","category-diger","category-kulup","category-lig","category-sosyal-medya","category-siper-lig","category-teknik-heyet","category-turnuva","tag-brunga-tesisleri","tag-hodri-meydan","tag-kocaelispor","tag-korfez","tag-samsunspor","tag-selcuk-inan","tag-selcuk-inan-dogru-oyunculari-getirdigimizi-dusunuyoruz-2-eylul-2026-nefesgazetesi","tag-tayfur-bingol","tag-tobias-gulliksen","tag-trendyol-super-lig"],"_links":{"self":[{"href":"https:\/\/kocaelispor.tv.tr\/index.php?rest_route=\/wp\/v2\/posts\/9688","targetHints":{"allow":["GET"]}}],"collection":[{"href":"https:\/\/kocaelispor.tv.tr\/index.php?rest_route=\/wp\/v2\/posts"}],"about":[{"href":"https:\/\/kocaelispor.tv.tr\/index.php?rest_route=\/wp\/v2\/types\/post"}],"author":[{"embeddable":true,"href":"https:\/\/kocaelispor.tv.tr\/index.php?rest_route=\/wp\/v2\/users\/1"}],"replies":[{"embeddable":true,"href":"https:\/\/kocaelispor.tv.tr\/index.php?rest_route=%2Fwp%2Fv2%2Fcomments&post=9688"}],"version-history":[{"count":2,"href":"https:\/\/kocaelispor.tv.tr\/index.php?rest_route=\/wp\/v2\/posts\/9688\/revisions"}],"predecessor-version":[{"id":9691,"href":"https:\/\/kocaelispor.tv.tr\/index.php?rest_route=\/wp\/v2\/posts\/9688\/revisions\/9691"}],"wp:featuredmedia":[{"embeddable":true,"href":"https:\/\/kocaelispor.tv.tr\/index.php?rest_route=\/wp\/v2\/media\/9689"}],"wp:attachment":[{"href":"https:\/\/kocaelispor.tv.tr\/index.php?rest_route=%2Fwp%2Fv2%2Fmedia&parent=9688"}],"wp:term":[{"taxonomy":"category","embeddable":true,"href":"https:\/\/kocaelispor.tv.tr\/index.php?rest_route=%2Fwp%2Fv2%2Fcategories&post=9688"},{"taxonomy":"post_tag","embeddable":true,"href":"https:\/\/kocaelispor.tv.tr\/index.php?rest_route=%2Fwp%2Fv2%2Ftags&post=9688"}],"curies":[{"name":"wp","href":"https:\/\/api.w.org\/{rel}","templated":true}]}}