{"id":9684,"date":"2026-09-01T15:55:16","date_gmt":"2026-09-01T12:55:16","guid":{"rendered":"https:\/\/kocaelispor.tv.tr\/?p=9684"},"modified":"2026-09-01T15:55:16","modified_gmt":"2026-09-01T12:55:16","slug":"top-aglarda-31-agustos-2026-kocaelitv","status":"publish","type":"post","link":"https:\/\/kocaelispor.tv.tr\/?p=9684","title":{"rendered":"TOP A\u011eLARDA 31 A\u011eUSTOS 2026 @KocaeliTV"},"content":{"rendered":"<figure class=\"wp-block-embed-youtube wp-block-embed is-type-video is-provider-youtube wp-embed-aspect-16-9 wp-has-aspect-ratio\"><div class=\"lyte-wrapper\" title=\"TOP A\u011eLARDA 31 A\u011eUSTOS\" style=\"width:1280px;max-width:100%;margin:5px auto;\"><div class=\"lyMe hidef\" id=\"WYL_vSE2Qo3vJFw\" itemprop=\"video\" itemscope itemtype=\"https:\/\/schema.org\/VideoObject\"><div><meta itemprop=\"thumbnailUrl\" content=\"https:\/\/kocaelispor.tv.tr\/wp-content\/plugins\/wp-youtube-lyte\/lyteCache.php?origThumbUrl=https%3A%2F%2Fi.ytimg.com%2Fvi%2FvSE2Qo3vJFw%2Fhqdefault.jpg\" \/><meta itemprop=\"embedURL\" content=\"https:\/\/www.youtube.com\/embed\/vSE2Qo3vJFw\" \/><meta itemprop=\"duration\" content=\"PT1H31M40S\" \/><meta itemprop=\"uploadDate\" content=\"2026-09-01T10:33:52Z\" \/><\/div><div id=\"lyte_vSE2Qo3vJFw\" data-src=\"https:\/\/kocaelispor.tv.tr\/wp-content\/plugins\/wp-youtube-lyte\/lyteCache.php?origThumbUrl=https%3A%2F%2Fi.ytimg.com%2Fvi%2FvSE2Qo3vJFw%2Fhqdefault.jpg\" class=\"pL\"><div class=\"tC\"><div class=\"tT\" itemprop=\"name\">TOP A\u011eLARDA 31 A\u011eUSTOS<\/div><\/div><button tabindex=\"0\" class=\"play\"><\/button><div class=\"ctrl\"><div class=\"Lctrl\"><\/div><div class=\"Rctrl\"><\/div><\/div><\/div><noscript><a href=\"https:\/\/youtu.be\/vSE2Qo3vJFw\" rel=\"nofollow noopener\" target=\"_blank\"><img loading=\"lazy\" decoding=\"async\" src=\"https:\/\/kocaelispor.tv.tr\/wp-content\/plugins\/wp-youtube-lyte\/lyteCache.php?origThumbUrl=https%3A%2F%2Fi.ytimg.com%2Fvi%2FvSE2Qo3vJFw%2F0.jpg\" alt=\"TOP A\u011eLARDA 31 A\u011eUSTOS\" width=\"1280\" height=\"700\" title=\"\"><\/a><\/noscript><meta itemprop=\"description\" content=\"TOP A\u011eLARDA 31 A\u011eUSTOS\"><\/div><\/div><div class=\"lL\" style=\"max-width:100%;width:1280px;margin:5px auto;\"> <a href=\"https:\/\/youtu.be\/vSE2Qo3vJFw\" target=\"_blank\" rel=\"noopener\">Watch this video on YouTube<\/a>.<br\/><span class=\"lyte_disclaimer\">*** Sitemizde payla\u015f\u0131lan videolar\u0131n t\u00fcm sorumlulu\u011fu, video \u2018nun yay\u0131nc\u0131s\u0131na aittir. ***<\/span><\/div><figcaption><\/figcaption><\/figure>\n\n\n<!--more-->\n\n\n\n<h1 class=\"wp-block-heading\">Konya Zaferiyle \u0130vme Yakalayan Kocaelispor\u2019da 10 Numara Bombas\u0131: Tobias Gulliksen K\u00f6rfez Yolunda!<\/h1>\n\n\n\n<p class=\"wp-block-paragraph\">Konyaspor deplasman\u0131nda 1-0 geriye d\u00fc\u015fmesine ra\u011fmen pes etmeyip sahadan 2-1&#8217;lik zaferle ayr\u0131lan Kocaelispor, ligde \u00fcst \u00fcste ikinci galibiyetini alarak 6 puana ula\u015ft\u0131. Kocaeli TV ekranlar\u0131nda yay\u0131nlanan <em>Top A\u011flarda<\/em> program\u0131nda Konya deplasman\u0131n\u0131n perde arkas\u0131, teknik heyetin hamleleri ve ye\u015fil-siyahl\u0131lar\u0131n transferde bitirme a\u015famas\u0131na getirdi\u011fi 10 numara harekat\u0131 masaya yat\u0131r\u0131ld\u0131.<\/p>\n\n\n\n<h2 class=\"wp-block-heading\">Konya\u2019da Geri D\u00f6n\u00fc\u015f ve Hamlelerin Zaferi<\/h2>\n\n\n\n<p class=\"wp-block-paragraph\">K\u00f6rfez ekibi, ilk yar\u0131s\u0131n\u0131 tutuk ge\u00e7irdi\u011fi ve 1-0 geride kapatt\u0131\u011f\u0131 Konya deplasman\u0131nda ikinci yar\u0131da bamba\u015fka bir kimli\u011fe b\u00fcr\u00fcnd\u00fc. Ev sahibi ekipte Bardhi&#8217;nin g\u00f6rd\u00fc\u011f\u00fc k\u0131rm\u0131z\u0131 kart ma\u00e7\u0131n k\u0131r\u0131lma an\u0131 olurken, Teknik Direkt\u00f6r Sel\u00e7uk \u0130nan\u2019\u0131n yapt\u0131\u011f\u0131 nokta at\u0131\u015f\u0131 hamleler skoru do\u011frudan tayin etti.<\/p>\n\n\n\n<ul class=\"wp-block-list\">\n<li><strong>Kaptan Ha\u00efdara Sahada Liderlik Etti:<\/strong> Sol bekte dinamizmiyle fark yaratan Massadio Ha\u00efdara, beraberlik gol\u00fcn\u00fc kaydederek tak\u0131m\u0131n ate\u015fini yakt\u0131.<\/li>\n\n\n\n<li><strong>Metehan Altunba\u015f\u2019tan Usta \u0130\u015fi Gol:<\/strong> Oyuna sonradan giren gen\u00e7 forvet Metehan Altunba\u015f, hem rakip savunmay\u0131 y\u0131pratt\u0131 hem de \u015f\u0131k ayak d\u0131\u015f\u0131 vuru\u015fuyla Kocaelispor\u2019a 2-1&#8217;lik galibiyeti getirdi.<\/li>\n\n\n\n<li><strong>Orta Sahan\u0131n Omurgas\u0131:<\/strong> Show ve Berkan Kutlu ikilisinin servisleri, sa\u011f kanatta Gon\u00e7alo Sousa&#8217;n\u0131n bindirmeleri ikinci yar\u0131daki bask\u0131n\u0131n temelini olu\u015fturdu.<\/li>\n<\/ul>\n\n\n\n<h2 class=\"wp-block-heading\">10 Numarada Son Dakika: Tobias Gulliksen K\u00f6rfez\u2019e Geliyor<\/h2>\n\n\n\n<p class=\"wp-block-paragraph\">Kocaelispor y\u00f6netiminin uzun s\u00fcredir gizlilikle y\u00fcr\u00fctt\u00fc\u011f\u00fc 10 numara transferinde rota netle\u015fti. Avusturya ekibi Rapid Wien formas\u0131 giyen 23 ya\u015f\u0131ndaki Norve\u00e7li orta saha oyuncusu <strong>Tobias Gulliksen<\/strong>, ye\u015fil-siyahl\u0131 renklere ba\u011flan\u0131yor.<\/p>\n\n\n\n<p class=\"wp-block-paragraph\">Merkez orta saha, forvet arkas\u0131 ve gerekti\u011finde sol kanatta g\u00f6rev yapabilen Gulliksen, sat\u0131n alma opsiyonuyla kiral\u0131k olarak kadroya kat\u0131lacak. 23 ya\u015f alt\u0131 yabanc\u0131 kontenjan\u0131na dahil edilen gen\u00e7 yetenek, sa\u011fl\u0131k kontrollerinin ard\u0131ndan resmi imzay\u0131 atarak tak\u0131mla antrenmanlara ba\u015flayacak.<\/p>\n\n\n\n<p class=\"wp-block-paragraph\">Y\u00f6netim kanad\u0131nda Ba\u015fkan Recep Durul ve transfer komitesinin yo\u011fun mesaisiyle ulusal kul\u00fcp lisans\u0131 krizi \u00e7\u00f6z\u00fcl\u00fcrken, transferin son g\u00fcn\u00fcne kadar yabanc\u0131 kontenjan\u0131n\u0131 bo\u015faltma \u00e7al\u0131\u015fmalar\u0131 (Rigoberto Rivas ve Habib Ke\u00efta belirsizli\u011fi) s\u00fcr\u00fcyor.<\/p>\n\n\n\n<h2 class=\"wp-block-heading\">Hodri Meydan \u0130\u00e7in S\u0131radaki Randevu: Samsunspor<\/h2>\n\n\n\n<p class=\"wp-block-paragraph\">Zorlu fikst\u00fcr viraj\u0131na giren Ye\u015fil-Siyahl\u0131lar, pazar g\u00fcn\u00fc saat 20.00&#8217;de evinde Samsunspor\u2019u a\u011f\u0131rlayacak. Taraftar\u0131n deste\u011fiyle stad\u0131n tamamen dolmas\u0131 hedeflenirken, kombine bilet sat\u0131\u015f s\u00fcresi gelen yo\u011fun talep \u00fczerine 15 Eyl\u00fcl\u2019e kadar uzat\u0131ld\u0131. K\u00f6rfez ekibi, taraftar\u0131n\u0131n arkas\u0131nda olu\u015fturaca\u011f\u0131 itici g\u00fc\u00e7le Samsunspor engelini de kay\u0131ps\u0131z ge\u00e7ip seriyi 3 ma\u00e7a \u00e7\u0131karmay\u0131 hedefliyor.<\/p>\n\n\n\n<h3 class=\"wp-block-heading\">Kaynak ve Te\u015fekk\u00fcr<\/h3>\n\n\n\n<p class=\"wp-block-paragraph\">Bu haber, 31 A\u011fustos 2026 tarihinde <strong>Kocaeli TV<\/strong> ekranlar\u0131nda canl\u0131 yay\u0131nlanan <em>Top A\u011flarda<\/em> program\u0131ndaki analizler, saha i\u00e7i tespitleri ve kul\u00fcp kulislerinden aktar\u0131lan bilgiler do\u011frultusunda haz\u0131rlanm\u0131\u015ft\u0131r. Program moderat\u00f6r\u00fc Hayrettin Albayrak ba\u015fta olmak \u00fczere de\u011ferli yorumcular Aykut Okan, \u00d6mer ve eme\u011fi ge\u00e7en t\u00fcm Kocaeli TV teknik ekibine te\u015fekk\u00fcr ederiz.<\/p>\n\n\n\n<p class=\"wp-block-paragraph\">#Kocaelispor #K\u00f6rfez #HodriMeydan #TobiasGulliksen #MetehanAltunba\u015f #MassadioHaidara #Sel\u00e7uk\u0130nan #RecepDurul #KocaeliTV #TopA\u011flarda<\/p>\n\n\n\n<ul class=\"wp-block-list\">\n<li><em>Web Sitemiz 5651 say\u0131l\u0131 kanun \u00e7er\u00e7evesinde faaliyet g\u00f6stermekte olup yay\u0131nlanan i\u00e7eriklerden sorumlu de\u011fildir. Fakat i\u00e7eri\u011fin kanuna ayk\u0131r\u0131 veya telif hakk\u0131 i\u00e7erdi\u011fi ile ilgili yaz\u0131l\u0131 veya dijital bir tebli\u011f almas\u0131 halinde s\u00f6z konusu i\u00e7eri\u011fi kald\u0131rmakla m\u00fckelleftir.<\/em><\/li>\n<\/ul>\n","protected":false},"excerpt":{"rendered":"","protected":false},"author":1,"featured_media":9685,"comment_status":"closed","ping_status":"closed","sticky":false,"template":"","format":"standard","meta":{"footnotes":""},"categories":[3,123,5,14,18,4,15],"tags":[2543,2128,4344,2324,4542,4490,771,115,124,48,2205,2627,3226,4368,923,311,1810,2309,4138,4566,772,4565,2211],"class_list":["post-9684","post","type-post","status-publish","format-standard","has-post-thumbnail","hentry","category-kocaelispor","category-kocaeli-tv","category-lig","category-medya","category-siper-lig","category-turnuva","category-yerel-medya","tag-aleksandar-jovanovic","tag-aykut-okan","tag-berkan-kutlu","tag-bruno-petkovic","tag-florian-aye","tag-goncalo-sousa","tag-hayrettin-albayrak","tag-hodri-meydan","tag-kocaeli-tv","tag-kocaelispor","tag-korfez","tag-mahamadou-susoho","tag-massadio-haidara-3","tag-metehan-altunbas","tag-onur-oztonga","tag-recep-durul","tag-selcuk-inan","tag-show","tag-tanguy-zoukrou","tag-tobias-gulliksen","tag-top-aglarda","tag-top-aglarda-31-agustos-2026-kocaelitv","tag-trendyol-super-lig"],"_links":{"self":[{"href":"https:\/\/kocaelispor.tv.tr\/index.php?rest_route=\/wp\/v2\/posts\/9684","targetHints":{"allow":["GET"]}}],"collection":[{"href":"https:\/\/kocaelispor.tv.tr\/index.php?rest_route=\/wp\/v2\/posts"}],"about":[{"href":"https:\/\/kocaelispor.tv.tr\/index.php?rest_route=\/wp\/v2\/types\/post"}],"author":[{"embeddable":true,"href":"https:\/\/kocaelispor.tv.tr\/index.php?rest_route=\/wp\/v2\/users\/1"}],"replies":[{"embeddable":true,"href":"https:\/\/kocaelispor.tv.tr\/index.php?rest_route=%2Fwp%2Fv2%2Fcomments&post=9684"}],"version-history":[{"count":2,"href":"https:\/\/kocaelispor.tv.tr\/index.php?rest_route=\/wp\/v2\/posts\/9684\/revisions"}],"predecessor-version":[{"id":9687,"href":"https:\/\/kocaelispor.tv.tr\/index.php?rest_route=\/wp\/v2\/posts\/9684\/revisions\/9687"}],"wp:featuredmedia":[{"embeddable":true,"href":"https:\/\/kocaelispor.tv.tr\/index.php?rest_route=\/wp\/v2\/media\/9685"}],"wp:attachment":[{"href":"https:\/\/kocaelispor.tv.tr\/index.php?rest_route=%2Fwp%2Fv2%2Fmedia&parent=9684"}],"wp:term":[{"taxonomy":"category","embeddable":true,"href":"https:\/\/kocaelispor.tv.tr\/index.php?rest_route=%2Fwp%2Fv2%2Fcategories&post=9684"},{"taxonomy":"post_tag","embeddable":true,"href":"https:\/\/kocaelispor.tv.tr\/index.php?rest_route=%2Fwp%2Fv2%2Ftags&post=9684"}],"curies":[{"name":"wp","href":"https:\/\/api.w.org\/{rel}","templated":true}]}}