{"id":9680,"date":"2026-09-01T13:07:26","date_gmt":"2026-09-01T10:07:26","guid":{"rendered":"https:\/\/kocaelispor.tv.tr\/?p=9680"},"modified":"2026-09-01T13:07:27","modified_gmt":"2026-09-01T10:07:27","slug":"her-sey-kocaelispor-icin-t-konyaspor-macinin-oykusu-%f0%9f%8e%a5-31-agustos-2026-kocaelispor","status":"publish","type":"post","link":"https:\/\/kocaelispor.tv.tr\/?p=9680","title":{"rendered":"HER \u015eEY KOCAEL\u0130SPOR \u0130\u00c7\u0130N! | T. Konyaspor Ma\u00e7\u0131n\u0131n \u00d6yk\u00fcs\u00fc \ud83c\udfa5 31 A\u011fustos 2026 @Kocaelispor"},"content":{"rendered":"<figure class=\"wp-block-embed-youtube wp-block-embed is-type-video is-provider-youtube wp-embed-aspect-16-9 wp-has-aspect-ratio\"><div class=\"lyte-wrapper\" title=\"HER \u015eEY KOCAEL\u0130SPOR \u0130&Ccedil;\u0130N! | T. Konyaspor Ma&ccedil;\u0131n\u0131n &Ouml;yk&uuml;s&uuml; \ud83c\udfa5\" style=\"width:1280px;max-width:100%;margin:5px auto;\"><div class=\"lyMe hidef\" id=\"WYL_Ij0F1jIyj-U\" itemprop=\"video\" itemscope itemtype=\"https:\/\/schema.org\/VideoObject\"><div><meta itemprop=\"thumbnailUrl\" content=\"https:\/\/kocaelispor.tv.tr\/wp-content\/plugins\/wp-youtube-lyte\/lyteCache.php?origThumbUrl=https%3A%2F%2Fi.ytimg.com%2Fvi%2FIj0F1jIyj-U%2Fmaxresdefault.jpg\" \/><meta itemprop=\"embedURL\" content=\"https:\/\/www.youtube.com\/embed\/Ij0F1jIyj-U\" \/><meta itemprop=\"duration\" content=\"PT24M54S\" \/><meta itemprop=\"uploadDate\" content=\"2026-08-31T17:00:07Z\" \/><\/div><div id=\"lyte_Ij0F1jIyj-U\" data-src=\"https:\/\/kocaelispor.tv.tr\/wp-content\/plugins\/wp-youtube-lyte\/lyteCache.php?origThumbUrl=https%3A%2F%2Fi.ytimg.com%2Fvi%2FIj0F1jIyj-U%2Fmaxresdefault.jpg\" class=\"pL\"><div class=\"tC\"><div class=\"tT\" itemprop=\"name\">HER \u015eEY KOCAEL\u0130SPOR \u0130\u00c7\u0130N! | T. Konyaspor Ma\u00e7\u0131n\u0131n \u00d6yk\u00fcs\u00fc \ud83c\udfa5<\/div><\/div><button tabindex=\"0\" class=\"play\"><\/button><div class=\"ctrl\"><div class=\"Lctrl\"><\/div><div class=\"Rctrl\"><\/div><\/div><\/div><noscript><a href=\"https:\/\/youtu.be\/Ij0F1jIyj-U\" rel=\"nofollow noopener\" target=\"_blank\"><img loading=\"lazy\" decoding=\"async\" src=\"https:\/\/kocaelispor.tv.tr\/wp-content\/plugins\/wp-youtube-lyte\/lyteCache.php?origThumbUrl=https%3A%2F%2Fi.ytimg.com%2Fvi%2FIj0F1jIyj-U%2F0.jpg\" alt=\"HER \u015eEY KOCAEL\u0130SPOR \u0130&Ccedil;\u0130N! | T. Konyaspor Ma&ccedil;\u0131n\u0131n &Ouml;yk&uuml;s&uuml; \ud83c\udfa5\" width=\"1280\" height=\"700\" title=\"\"><\/a><\/noscript><meta itemprop=\"description\" content=\"Kocaelisporumuz, Trendyol S\u00fcper Lig&#039;in \u00fc\u00e7\u00fcnc\u00fc haftas\u0131nda deplasmanda T. Konyaspor&#039;a konuk oldu. Kar\u015f\u0131la\u015fmay\u0131 2-1 \u00fcst\u00fcnl\u00fckle tamamlayan ye\u015fil siyahl\u0131lar\u0131m\u0131z ligdeki ikinci galibiyetini ald\u0131. Ma\u00e7\u0131n \u00f6yk\u00fcs\u00fc sizlerle. \u0130\u00e7eriklerimize ula\u015fmak i\u00e7in kanal\u0131m\u0131za abone olarak ziyaret edebilirsiniz.\"><\/div><\/div><div class=\"lL\" style=\"max-width:100%;width:1280px;margin:5px auto;\"> <a href=\"https:\/\/youtu.be\/Ij0F1jIyj-U\" target=\"_blank\" rel=\"noopener\">Watch this video on YouTube<\/a>.<br\/><span class=\"lyte_disclaimer\">*** Sitemizde payla\u015f\u0131lan videolar\u0131n t\u00fcm sorumlulu\u011fu, video \u2018nun yay\u0131nc\u0131s\u0131na aittir. ***<\/span><\/div><figcaption><\/figcaption><\/figure>\n\n\n<!--more-->\n\n\n\n<p class=\"wp-block-paragraph\">Kocaelisporumuz, Trendyol S\u00fcper Lig&#8217;in \u00fc\u00e7\u00fcnc\u00fc haftas\u0131nda deplasmanda T. Konyaspor&#8217;a konuk oldu. Kar\u015f\u0131la\u015fmay\u0131 2-1 \u00fcst\u00fcnl\u00fckle tamamlayan ye\u015fil siyahl\u0131lar\u0131m\u0131z ligdeki ikinci galibiyetini ald\u0131. Ma\u00e7\u0131n \u00f6yk\u00fcs\u00fc sizlerle.<\/p>\n\n\n\n<p class=\"wp-block-paragraph\">\u0130\u00e7eriklerimize ula\u015fmak i\u00e7in kanal\u0131m\u0131za abone olarak ziyaret edebilirsiniz.<\/p>\n\n\n\n<hr class=\"wp-block-separator has-alpha-channel-opacity\"\/>\n\n\n\n<h1 class=\"wp-block-heading\">Konya Deplasman\u0131nda Muhte\u015fem Geri D\u00f6n\u00fc\u015f: K\u00f6rfez Ekibi Zirve Y\u00fcr\u00fcy\u00fc\u015f\u00fcn\u00fc S\u00fcrd\u00fcr\u00fcyor<\/h1>\n\n\n\n<p class=\"wp-block-paragraph\">K\u00f6rfez f\u0131rt\u0131nas\u0131 Konya\u2019da dindi derken yeniden koptu! Trendyol S\u00fcper Lig&#8217;in 3. hafta randevusunda T\u00dcMOSAN Konyaspor deplasman\u0131na \u00e7\u0131kan Kocaelisporumuz, 1-0 geriye d\u00fc\u015ft\u00fc\u011f\u00fc zorlu m\u00fccadeleden 2-1\u2019lik g\u00f6rkemli bir galibiyetle ayr\u0131ld\u0131. Kaptan Massadio Ha\u00efdara ve oyuna sonradan girip kaderi de\u011fi\u015ftiren Metehan Altunba\u015f\u2019\u0131n nefis golleriyle gelen \u00fc\u00e7 puan, camiam\u0131za bayram havas\u0131 ya\u015fatt\u0131.<\/p>\n\n\n\n<h2 class=\"wp-block-heading\">Ma\u00e7 \u00d6ncesi \u0130nan\u00e7 ve Soyunma Odas\u0131ndaki Kenetlenme<\/h2>\n\n\n\n<p class=\"wp-block-paragraph\">Ye\u015fil-Siyahl\u0131 kafilemiz Konya deplasman\u0131na y\u00fcksek odaklanma ve galibiyet parolas\u0131yla ayak bast\u0131 [<a target=\"_blank\" rel=\"noopener\" href=\"https:\/\/www.google.com\/search?q=https%3A%2F%2Fwww.youtube.com%2Fwatch%3Fv%3DIj0F1jIyj-U%26t%3D7\">00:07<\/a>]. Ma\u00e7 \u00f6ncesi teknik direkt\u00f6r\u00fcm\u00fcz Sel\u00e7uk \u0130nan ve tak\u0131m kaptan\u0131m\u0131z Massadio Ha\u00efdara \u00f6nderli\u011finde soyunma odas\u0131nda yap\u0131lan motivasyon konu\u015fmalar\u0131, sahadaki m\u00fccadelenin fitilini ate\u015fledi [<a target=\"_blank\" rel=\"noopener\" href=\"https:\/\/www.google.com\/search?q=https%3A%2F%2Fwww.youtube.com%2Fwatch%3Fv%3DIj0F1jIyj-U%26t%3D632\">10:32<\/a>]. &#8220;Sahada son d\u00fcd\u00fc\u011fe kadar birlikteyiz; birlikte h\u00fccum edip birlikte savunaca\u011f\u0131z&#8221; s\u00f6zleriyle sahaya ad\u0131m atan ekibimiz, Hodri Meydan\u2019\u0131n deplasman trib\u00fcn\u00fcndeki co\u015fkulu tezah\u00fcratlar\u0131yla moral depolad\u0131 [<a target=\"_blank\" rel=\"noopener\" href=\"https:\/\/www.google.com\/search?q=https%3A%2F%2Fwww.youtube.com%2Fwatch%3Fv%3DIj0F1jIyj-U%26t%3D708\">11:48<\/a>].<\/p>\n\n\n\n<h2 class=\"wp-block-heading\">Geriye D\u00fc\u015f\u00fc\u015f, K\u0131rm\u0131z\u0131 Kart ve \u015eahlanan K\u00f6rfez<\/h2>\n\n\n\n<p class=\"wp-block-paragraph\">Kar\u015f\u0131la\u015fman\u0131n ilk yar\u0131s\u0131nda kontrol\u00fc elinde tutmaya \u00e7al\u0131\u015fan K\u00f6rfez ekibi, talihsiz bir an ya\u015fad\u0131. 39. dakikada Gon\u00e7alves\u2019in \u015futunda Tanguy Zoukrou\u2019ya \u00e7arpan top a\u011flar\u0131m\u0131zla bulu\u015ftu ve ilk 45 dakika 1-0 ev sahibi lehine sonu\u00e7land\u0131.<\/p>\n\n\n\n<p class=\"wp-block-paragraph\">\u0130kinci yar\u0131ya teknik direkt\u00f6r Sel\u00e7uk \u0130nan taktiksel dokunu\u015flarla ba\u015flad\u0131. 48. dakikada rakip oyuncu Enis Bardhi\u2019nin U\u011fur Kaan Y\u0131ld\u0131z\u2019a yapt\u0131\u011f\u0131 sert faul sonras\u0131 g\u00f6rd\u00fc\u011f\u00fc k\u0131rm\u0131z\u0131 kartla oyunun seyri tamamen lehimize d\u00f6nd\u00fc.<\/p>\n\n\n\n<p class=\"wp-block-paragraph\">Bask\u0131s\u0131n\u0131 art\u0131ran Kocaelisporumuz arad\u0131\u011f\u0131 beraberlik gol\u00fcn\u00fc 72. dakikada buldu. Sa\u011f kanattan Gon\u00e7alo Sousa\u2019n\u0131n arka dire\u011fe kesti\u011fi adrese teslim ortada kaptan Massadio Ha\u00efdara kafayla me\u015fin yuvarla\u011f\u0131 filelere g\u00f6nderdi: 1-1 [<a target=\"_blank\" rel=\"noopener\" href=\"https:\/\/www.google.com\/search?q=https%3A%2F%2Fwww.youtube.com%2Fwatch%3Fv%3DIj0F1jIyj-U%26t%3D1034\">17:14<\/a>].<\/p>\n\n\n\n<p class=\"wp-block-paragraph\">Galibiyet i\u00e7in y\u00fcklenen temsilcimiz, 86. dakikada Show&#8217;un savunma arkas\u0131na g\u00f6nderdi\u011fi enfes ara pas\u0131nda yeni transfer Metehan Altunba\u015f ile zafere ula\u015ft\u0131. Zor pozisyonda vuru\u015funu yapan gen\u00e7 santrfor, skoru 2-1\u2019e getirerek deplasman trib\u00fcn\u00fcn\u00fc adeta y\u0131kt\u0131 [<a target=\"_blank\" rel=\"noopener\" href=\"https:\/\/www.google.com\/search?q=https%3A%2F%2Fwww.youtube.com%2Fwatch%3Fv%3DIj0F1jIyj-U%26t%3D1127\">18:47<\/a>].<\/p>\n\n\n\n<h2 class=\"wp-block-heading\">Galibiyet Co\u015fkusu ve Deplasman Kutlamas\u0131<\/h2>\n\n\n\n<p class=\"wp-block-paragraph\">Son d\u00fcd\u00fc\u011f\u00fcn \u00e7almas\u0131yla birlikte ye\u015fil-siyahl\u0131 futbolcular\u0131m\u0131z ve teknik heyetimiz trib\u00fcnlere ko\u015farak galibiyeti Hodri Meydan ile kutlad\u0131 [<a target=\"_blank\" rel=\"noopener\" href=\"https:\/\/www.google.com\/search?q=https%3A%2F%2Fwww.youtube.com%2Fwatch%3Fv%3DIj0F1jIyj-U%26t%3D1194\">19:54<\/a>]. Soyunma odas\u0131nda ise tam anlam\u0131yla karnaval havas\u0131 vard\u0131 [<a target=\"_blank\" rel=\"noopener\" href=\"https:\/\/www.google.com\/search?q=https%3A%2F%2Fwww.youtube.com%2Fwatch%3Fv%3DIj0F1jIyj-U%26t%3D1352\">22:32<\/a>]. Galibiyet tezah\u00fcratlar\u0131 e\u015fli\u011finde yakalad\u0131\u011f\u0131m\u0131z ivmeyi kutlayan tak\u0131m\u0131m\u0131z, \u00fcst \u00fcste ikinci galibiyetini alarak puan\u0131n\u0131 6&#8217;ya y\u00fckseltti.<\/p>\n\n\n\n<h2 class=\"wp-block-heading\">Kaynak ve Te\u015fekk\u00fcr<\/h2>\n\n\n\n<p class=\"wp-block-paragraph\">Bu haber, <strong>Kocaelispor Kul\u00fcb\u00fc Resmi YouTube Kanal\u0131<\/strong> taraf\u0131ndan yay\u0131nlanan \u00f6zel ma\u00e7 arkas\u0131 ve hikaye videosu temel al\u0131narak haz\u0131rlanm\u0131\u015ft\u0131r. B\u00fcy\u00fck Kocaelispor taraftar\u0131na, deplasmanda tak\u0131m\u0131 yaln\u0131z b\u0131rakmayan Hodri Meydan&#8217;a ve sahada terinin son damlas\u0131na kadar sava\u015fan teknik heyet ile futbolcular\u0131m\u0131za te\u015fekk\u00fcr ederiz.<\/p>\n\n\n\n<ul class=\"wp-block-list\">\n<li>Ma\u00e7\u0131n \u00d6yk\u00fcs\u00fc Videosu: <a href=\"https:\/\/www.youtube.com\/watch?v=Ij0F1jIyj-U\" target=\"_blank\" rel=\"noopener\">https:\/\/www.youtube.com\/watch?v=Ij0F1jIyj-U<\/a><\/li>\n<\/ul>\n\n\n\n<p class=\"wp-block-paragraph\">#Kocaelispor #K\u00f6rfez #Hodri Meydan #Selcuk\u0130nan #MassadioHaidara #MetehanAltunbas #GoncaloSousa #Show #S\u00fcperLig<\/p>\n\n\n\n<ul class=\"wp-block-list\">\n<li>Web Sitemiz 5651 say\u0131l\u0131 kanun \u00e7er\u00e7evesinde faaliyet g\u00f6stermekte olup yay\u0131nlanan i\u00e7eriklerden sorumlu de\u011fildir. Fakat i\u00e7eri\u011fin kanuna ayk\u0131r\u0131 veya telif hakk\u0131 i\u00e7erdi\u011fi ile ilgili yaz\u0131l\u0131 veya dijital bir tebli\u011f almas\u0131 halinde s\u00f6z konusu i\u00e7eri\u011fi kald\u0131rmakla m\u00fckelleftir.<\/li>\n<\/ul>\n","protected":false},"excerpt":{"rendered":"","protected":false},"author":1,"featured_media":9681,"comment_status":"closed","ping_status":"closed","sticky":false,"template":"","format":"standard","meta":{"footnotes":""},"categories":[3,162,2641,5,22,18,704,4],"tags":[4344,2565,4564,4542,4490,4562,115,48,2205,2627,4107,3226,4517,4368,4563,1810,3433,2309,4138,3952],"class_list":["post-9680","post","type-post","status-publish","format-standard","has-post-thumbnail","hentry","category-kocaelispor","category-hodri-meydan","category-kocaelispor-resmi","category-lig","category-sosyal-medya","category-siper-lig","category-taraftar","category-turnuva","tag-berkan-kutlu","tag-ege-bilim","tag-emmanuel-boateng-agyei","tag-florian-aye","tag-goncalo-sousa","tag-her-sey-kocaelispor-icin-t-konyaspor-macinin-oykusu--31-agustos-2026-kocaelispor","tag-hodri-meydan","tag-kocaelispor","tag-korfez","tag-mahamadou-susoho","tag-makana-baku","tag-massadio-haidara-3","tag-matej-maglica","tag-metehan-altunbas","tag-sean-dijksteel","tag-selcuk-inan","tag-serhat-oztasdelen","tag-show","tag-tanguy-zoukrou","tag-ugur-kaan-yildiz"],"_links":{"self":[{"href":"https:\/\/kocaelispor.tv.tr\/index.php?rest_route=\/wp\/v2\/posts\/9680","targetHints":{"allow":["GET"]}}],"collection":[{"href":"https:\/\/kocaelispor.tv.tr\/index.php?rest_route=\/wp\/v2\/posts"}],"about":[{"href":"https:\/\/kocaelispor.tv.tr\/index.php?rest_route=\/wp\/v2\/types\/post"}],"author":[{"embeddable":true,"href":"https:\/\/kocaelispor.tv.tr\/index.php?rest_route=\/wp\/v2\/users\/1"}],"replies":[{"embeddable":true,"href":"https:\/\/kocaelispor.tv.tr\/index.php?rest_route=%2Fwp%2Fv2%2Fcomments&post=9680"}],"version-history":[{"count":2,"href":"https:\/\/kocaelispor.tv.tr\/index.php?rest_route=\/wp\/v2\/posts\/9680\/revisions"}],"predecessor-version":[{"id":9683,"href":"https:\/\/kocaelispor.tv.tr\/index.php?rest_route=\/wp\/v2\/posts\/9680\/revisions\/9683"}],"wp:featuredmedia":[{"embeddable":true,"href":"https:\/\/kocaelispor.tv.tr\/index.php?rest_route=\/wp\/v2\/media\/9681"}],"wp:attachment":[{"href":"https:\/\/kocaelispor.tv.tr\/index.php?rest_route=%2Fwp%2Fv2%2Fmedia&parent=9680"}],"wp:term":[{"taxonomy":"category","embeddable":true,"href":"https:\/\/kocaelispor.tv.tr\/index.php?rest_route=%2Fwp%2Fv2%2Fcategories&post=9680"},{"taxonomy":"post_tag","embeddable":true,"href":"https:\/\/kocaelispor.tv.tr\/index.php?rest_route=%2Fwp%2Fv2%2Ftags&post=9680"}],"curies":[{"name":"wp","href":"https:\/\/api.w.org\/{rel}","templated":true}]}}